{"id":849,"date":"2020-07-28T15:26:49","date_gmt":"2020-07-28T15:26:49","guid":{"rendered":"http:\/\/biotictuning.com\/?p=849"},"modified":"2020-08-10T14:05:18","modified_gmt":"2020-08-10T14:05:18","slug":"punta-curinanco-area-costera-protegida","status":"publish","type":"post","link":"https:\/\/biotictuning.com\/es\/punta-curinanco-area-costera-protegida\/","title":{"rendered":"Punta Curi\u00f1anco, \u00e1rea costera protegida"},"content":{"rendered":"<p>Una vez m\u00e1s, los amantes de la naturaleza debemos felicitarnos y agradecer a una organizaci\u00f3n privada y no gubernamental la posibilidad de disfrutar de espacios naturales \u00fanicos como \u00e9ste. En \u00e9ste caso, <strong>CODEFF<\/strong>,\u00a0 <strong>Comit\u00e9 Nacional Pro-defensa de la fauna y la flora<\/strong>.\u00a0<\/p><figure class=\"wp-block-embed-youtube wp-block-embed is-type-video is-provider-youtube wp-embed-aspect-16-9 wp-has-aspect-ratio\"><div class=\"wp-block-embed__wrapper\">\n<iframe class=\"lazyload\" title=\"Conoce Punta Curi\u00f1anco\" width=\"500\" height=\"281\" data-src=\"https:\/\/www.youtube.com\/embed\/s5C8Xg_iD-I?feature=oembed&#038;modestbranding=1&#038;showinfo=0&#038;rel=0\" frameborder=\"0\" allow=\"accelerometer; autoplay; clipboard-write; encrypted-media; gyroscope; picture-in-picture; web-share\" referrerpolicy=\"strict-origin-when-cross-origin\" allowfullscreen><\/iframe>\n<\/div><figcaption>Video promocional Reserva Punta Curi\u00f1anco<\/figcaption><\/figure><p>En el a\u00f1o 2.000 <strong>CODEFF<\/strong> compr\u00f3 80 hect\u00e1reas en la <strong>costa valdiviana <\/strong>con el fin de <strong>proteger la flora y la fauna de un bosque relicto<\/strong> de <a href=\"https:\/\/biotictuning.com\/es\/el-olivillo-pilar-fundamental-del-bosque-lluvioso-de-la-costa-valdiviana\/\">olivillo costero<\/a>. <strong>Lugar ceremonial del pueblo mapuche <\/strong>y uno de los imperdibles de la Selva Valdiviana pues cuenta con \u00e1rboles de gran envergadura y muy longevos, algunos de ellos con edades estimadas superiores 500 a\u00f1os.&nbsp;<\/p><figure class=\"wp-block-image size-large is-style-default\"><img decoding=\"async\" src=\"data:image\/gif;base64,R0lGODlhAQABAIAAAAAAAP\/\/\/yH5BAEAAAAALAAAAAABAAEAAAIBRAA7\" data-src=\"http:\/\/biotictuning.com\/wp-content\/uploads\/2020\/07\/Cartel-Reserva-Punta-Curi\u00f1anco-1024x1024.jpg\" alt=\"\" class=\"wp-image-846 lazyload\"\/><noscript><img decoding=\"async\" width=\"1024\" height=\"1024\" src=\"http:\/\/biotictuning.com\/wp-content\/uploads\/2020\/07\/Cartel-Reserva-Punta-Curi\u00f1anco-1024x1024.jpg\" alt=\"\" class=\"wp-image-846 lazyload\" srcset=\"https:\/\/biotictuning.com\/wp-content\/uploads\/2020\/07\/Cartel-Reserva-Punta-Curi\u00f1anco-1024x1024.jpg?v=1597566487 1024w, https:\/\/biotictuning.com\/wp-content\/uploads\/2020\/07\/Cartel-Reserva-Punta-Curi\u00f1anco-530x530.jpg?v=1597566487 530w, https:\/\/biotictuning.com\/wp-content\/uploads\/2020\/07\/Cartel-Reserva-Punta-Curi\u00f1anco-180x180.jpg?v=1597566487 180w, https:\/\/biotictuning.com\/wp-content\/uploads\/2020\/07\/Cartel-Reserva-Punta-Curi\u00f1anco-720x720.jpg?v=1597566487 720w, https:\/\/biotictuning.com\/wp-content\/uploads\/2020\/07\/Cartel-Reserva-Punta-Curi\u00f1anco-300x300.jpg?v=1597566487 300w, https:\/\/biotictuning.com\/wp-content\/uploads\/2020\/07\/Cartel-Reserva-Punta-Curi\u00f1anco-150x150.jpg?v=1597566487 150w, https:\/\/biotictuning.com\/wp-content\/uploads\/2020\/07\/Cartel-Reserva-Punta-Curi\u00f1anco-768x768.jpg?v=1597566487 768w, https:\/\/biotictuning.com\/wp-content\/uploads\/2020\/07\/Cartel-Reserva-Punta-Curi\u00f1anco-80x80.jpg?v=1597566487 80w, https:\/\/biotictuning.com\/wp-content\/uploads\/2020\/07\/Cartel-Reserva-Punta-Curi\u00f1anco-600x600.jpg?v=1597566487 600w, https:\/\/biotictuning.com\/wp-content\/uploads\/2020\/07\/Cartel-Reserva-Punta-Curi\u00f1anco.jpg?v=1597566487 1300w\" sizes=\"(max-width: 1024px) 100vw, 1024px\" \/><\/noscript><\/figure><p><strong>Un hito importante para la conservaci\u00f3n<\/strong> ya que lamentablemente, el <a href=\"https:\/\/biotictuning.com\/es\/el-olivillo-pilar-fundamental-del-bosque-lluvioso-de-la-costa-valdiviana\/\">bosque de olivillo<\/a>, se encuentra muy fragmentado, poco valorado por la poblaci\u00f3n en general y nula o escasamente representado en el Sistema Nacional de \u00c1reas Protegidas de Chile.&nbsp;<\/p><p>\u00a1Comencemos! Dentro de las 87 hect\u00e1reas de la reserva, podemos adentrarnos en el coraz\u00f3n del ecosistema costero a trav\u00e9s de 10 kil\u00f3metros de una ruta que se divide en tres senderos: <strong>Sendero Mirador Chungungo<\/strong>, <strong>Sendero Costero<\/strong>, <strong>Sendero Bosque Olivillos<\/strong> y <strong>Sendero Los Melies<\/strong>.<\/p><figure class=\"wp-block-image size-large is-style-default\"><img decoding=\"async\" src=\"data:image\/gif;base64,R0lGODlhAQABAIAAAAAAAP\/\/\/yH5BAEAAAAALAAAAAABAAEAAAIBRAA7\" data-src=\"http:\/\/biotictuning.com\/wp-content\/uploads\/2020\/07\/Formaci\u00f3n-rocosa-singular-en-playa-de-Curi\u00f1anco-1024x768.jpg\" alt=\"\" class=\"wp-image-844 lazyload\"\/><noscript><img decoding=\"async\" width=\"1024\" height=\"768\" src=\"http:\/\/biotictuning.com\/wp-content\/uploads\/2020\/07\/Formaci\u00f3n-rocosa-singular-en-playa-de-Curi\u00f1anco-1024x768.jpg\" alt=\"\" class=\"wp-image-844 lazyload\" srcset=\"https:\/\/biotictuning.com\/wp-content\/uploads\/2020\/07\/Formaci\u00f3n-rocosa-singular-en-playa-de-Curi\u00f1anco-1024x768.jpg?v=1597566488 1024w, https:\/\/biotictuning.com\/wp-content\/uploads\/2020\/07\/Formaci\u00f3n-rocosa-singular-en-playa-de-Curi\u00f1anco-720x540.jpg?v=1597566488 720w, https:\/\/biotictuning.com\/wp-content\/uploads\/2020\/07\/Formaci\u00f3n-rocosa-singular-en-playa-de-Curi\u00f1anco-300x225.jpg?v=1597566488 300w, https:\/\/biotictuning.com\/wp-content\/uploads\/2020\/07\/Formaci\u00f3n-rocosa-singular-en-playa-de-Curi\u00f1anco-768x576.jpg?v=1597566488 768w, https:\/\/biotictuning.com\/wp-content\/uploads\/2020\/07\/Formaci\u00f3n-rocosa-singular-en-playa-de-Curi\u00f1anco.jpg?v=1597566488 1300w\" sizes=\"(max-width: 1024px) 100vw, 1024px\" \/><\/noscript><figcaption>Formaci\u00f3n rocosa singular en playa de Curi\u00f1anco<\/figcaption><\/figure><p>Son aproximadamente algo m\u00e1s de <strong>dos horas de caminata tranquila<\/strong>. Eso s\u00ed,  deteni\u00e9ndonos de vez en cuando a respirar el aire puro, deleit\u00e1ndonos en calma con las incre\u00edbles vistas de la costa desde los miradores en lo alto de los acantilados, alegr\u00e1ndonos ante la presencia de los enormes \u00e1rboles, contemplando la flora y, si tenemos suerte, avistando a alguno de los habitantes del lugar.\u00a0<\/p><p>En los senderos o bosque adentro podemos toparnos con <strong>pud\u00faes<\/strong>, <strong>hui\u00f1as<\/strong>, <strong>zorros chillas<\/strong> \u2026 En la costa con <strong>chungungos<\/strong>, <strong>churretes costeros<\/strong>, <strong>lobos de mar<\/strong>, <strong>cormoranes imperiales<\/strong>, <strong>patos liles<\/strong>, <strong>patos yecos<\/strong> y sobre nosotros o posados en una rama al <strong>chucao<\/strong>, el <strong>carpintero negro<\/strong> o el <strong>huet huet<\/strong>.<\/p><figure class=\"wp-block-embed-youtube wp-block-embed is-type-video is-provider-youtube wp-embed-aspect-16-9 wp-has-aspect-ratio\"><div class=\"wp-block-embed__wrapper\">\n<iframe class=\"lazyload\" title=\"Cormora\u0301n gris en Punta Curin\u0303anco Valdivia\" width=\"500\" height=\"281\" data-src=\"https:\/\/www.youtube.com\/embed\/sNgoNxY28hA?feature=oembed&#038;modestbranding=1&#038;showinfo=0&#038;rel=0\" frameborder=\"0\" allow=\"accelerometer; autoplay; clipboard-write; encrypted-media; gyroscope; picture-in-picture; web-share\" referrerpolicy=\"strict-origin-when-cross-origin\" allowfullscreen><\/iframe>\n<\/div><figcaption>Lile o Cormor\u00e1n gris (Phalacrocorax gaimardi) en el \u00e1rea costera protegida Punta Curi\u00f1anco<\/figcaption><\/figure><p>Al adentramos por la huella trazada para penetrar al interior de la tupida flora de la selva Valdiviana, nos embarga una agradable sensaci\u00f3n de estar <strong>rodeados de belleza natural por todas partes<\/strong>. A veces parece que estamos atravesando el pasadizo de un <strong>laberinto vegeta<\/strong>l en los jardines de un antiguo palacio y, de repente, aparecemos en un mirador frente al mar desde el que podemos observar las mejores vistas de la costa y <strong>el juego de las enormes matas de algas<\/strong> que van y vienen entre las rocas movidas por las olas. \u00a0<\/p><p>Una <strong>rica biodiversidad<\/strong>: murtas, arrayanes, los copihues trepando por canelos, lingues y lumas y como principal atractivo del parque, el <strong>imponente bosque sagrado de olivillos centenarios<\/strong>. <\/p><p>Si eres de los que tienes una relaci\u00f3n cercana con los \u00e1rboles, recordar\u00e1s siempre \u00e9ste lugar. Sea como sea, es f\u00e1cil percibir el m\u00edstico ambiente de espiritualidad creado por este grupo de <strong>venerables Se\u00f1ores del bosque<\/strong>. La gran envergadura de los \u00e1rboles, el hecho de que en el lugar existiera un <strong>antiguo cementerio Mapuche<\/strong> y que a\u00fan hoy se siga utilizando como lugar ceremonial por \u00e9ste pueblo originario, no deja a nadie indiferente.<\/p><figure class=\"wp-block-embed-youtube wp-block-embed is-type-video is-provider-youtube wp-embed-aspect-16-9 wp-has-aspect-ratio\"><div class=\"wp-block-embed__wrapper\">\n<iframe class=\"lazyload\" title=\"Bosque Olivillo Punta Curin\u0303anco\" width=\"500\" height=\"281\" data-src=\"https:\/\/www.youtube.com\/embed\/ezrEnS3miEk?feature=oembed&#038;modestbranding=1&#038;showinfo=0&#038;rel=0\" frameborder=\"0\" allow=\"accelerometer; autoplay; clipboard-write; encrypted-media; gyroscope; picture-in-picture; web-share\" referrerpolicy=\"strict-origin-when-cross-origin\" allowfullscreen><\/iframe>\n<\/div><\/figure><div data-block-name=\"woocommerce\/product-tag\" data-tags=\"[63]\" class=\"wc-block-grid wp-block-product-tag wc-block-product-tag has-3-columns has-multiple-rows\"><ul class=\"wc-block-grid__products\"><li class=\"wc-block-grid__product\">\n\t\t\t\t<a href=\"https:\/\/biotictuning.com\/es\/producto\/punta-curinanco-conoce-un-bosque-sagrado-ancestral\/\" class=\"wc-block-grid__product-link\">\n\t\t\t\t\t\n\t\t\t\t\t<div class=\"wc-block-grid__product-image\"><img decoding=\"async\" width=\"530\" height=\"530\" src=\"data:image\/gif;base64,R0lGODlhAQABAIAAAAAAAP\/\/\/yH5BAEAAAAALAAAAAABAAEAAAIBRAA7\" data-src=\"https:\/\/biotictuning.com\/wp-content\/uploads\/2020\/08\/Olivillos-punta-curi\u00f1anco-530x530.jpg?v=1597566480\" class=\"attachment-woocommerce_thumbnail size-woocommerce_thumbnail lazyload\" alt=\"Tour Punta Curi\u00f1anco, conoce un bosque sagrado ancestral\" data-srcset=\"https:\/\/biotictuning.com\/wp-content\/uploads\/2020\/08\/Olivillos-punta-curi\u00f1anco-530x530.jpg?v=1597566480 530w, https:\/\/biotictuning.com\/wp-content\/uploads\/2020\/08\/Olivillos-punta-curi\u00f1anco-180x180.jpg?v=1597566480 180w, https:\/\/biotictuning.com\/wp-content\/uploads\/2020\/08\/Olivillos-punta-curi\u00f1anco-150x150.jpg?v=1597566480 150w, https:\/\/biotictuning.com\/wp-content\/uploads\/2020\/08\/Olivillos-punta-curi\u00f1anco-80x80.jpg?v=1597566480 80w, https:\/\/biotictuning.com\/wp-content\/uploads\/2020\/08\/Olivillos-punta-curi\u00f1anco-600x600.jpg?v=1597566480 600w\" sizes=\"(max-width: 530px) 100vw, 530px\" \/><noscript><img decoding=\"async\" width=\"530\" height=\"530\" src=\"https:\/\/biotictuning.com\/wp-content\/uploads\/2020\/08\/Olivillos-punta-curi\u00f1anco-530x530.jpg?v=1597566480\" class=\"attachment-woocommerce_thumbnail size-woocommerce_thumbnail lazyload\" alt=\"Tour Punta Curi\u00f1anco, conoce un bosque sagrado ancestral\" srcset=\"https:\/\/biotictuning.com\/wp-content\/uploads\/2020\/08\/Olivillos-punta-curi\u00f1anco-530x530.jpg?v=1597566480 530w, https:\/\/biotictuning.com\/wp-content\/uploads\/2020\/08\/Olivillos-punta-curi\u00f1anco-180x180.jpg?v=1597566480 180w, https:\/\/biotictuning.com\/wp-content\/uploads\/2020\/08\/Olivillos-punta-curi\u00f1anco-150x150.jpg?v=1597566480 150w, https:\/\/biotictuning.com\/wp-content\/uploads\/2020\/08\/Olivillos-punta-curi\u00f1anco-80x80.jpg?v=1597566480 80w, https:\/\/biotictuning.com\/wp-content\/uploads\/2020\/08\/Olivillos-punta-curi\u00f1anco-600x600.jpg?v=1597566480 600w\" sizes=\"(max-width: 530px) 100vw, 530px\" \/><\/noscript><\/div>\n\t\t\t\t\t<div class=\"wc-block-grid__product-title\">Tour Punta Curi\u00f1anco, conoce un bosque sagrado ancestral<\/div>\n\t\t\t\t<\/a>\n\t\t\t\t<div class=\"wc-block-grid__product-price price\">Desde: <span class=\"woocommerce-Price-amount amount\"><span class=\"woocommerce-Price-currencySymbol\">&#036;<\/span>240<\/span><\/div>\n\t\t\t\t\n\t\t\t\t<div class=\"wp-block-button wc-block-grid__product-add-to-cart\"><a href=\"https:\/\/biotictuning.com\/es\/producto\/punta-curinanco-conoce-un-bosque-sagrado-ancestral\/\" aria-label=\"Read more about &ldquo;Tour Punta Curi\u00f1anco, conoce un bosque sagrado ancestral&rdquo;\" data-quantity=\"1\" data-product_id=\"919\" data-product_sku=\"\" data-price=\"240\" rel=\"nofollow\" class=\"wp-block-button__link  add_to_cart_button\">Read more<\/a><\/div>\n\t\t\t<\/li><\/ul><\/div>","protected":false},"excerpt":{"rendered":"<p>Una vez m\u00e1s, los amantes de la naturaleza debemos felicitarnos y agradecer a una organizaci\u00f3n privada y no gubernamental la posibilidad de disfrutar de espacios naturales \u00fanicos como \u00e9ste. En \u00e9ste caso, CODEFF,\u00a0 Comit\u00e9 Nacional Pro-defensa de la fauna y la flora.\u00a0 En el a\u00f1o 2.000 CODEFF compr\u00f3 80 hect\u00e1reas en la costa valdiviana con [&hellip;]<\/p>\n","protected":false},"author":1,"featured_media":846,"comment_status":"closed","ping_status":"open","sticky":false,"template":"","format":"standard","meta":{"_genesis_hide_title":false,"_genesis_hide_breadcrumbs":false,"_genesis_hide_singular_image":false,"_genesis_hide_footer_widgets":false,"_genesis_custom_body_class":"","_genesis_custom_post_class":"","_genesis_layout":"","footnotes":""},"categories":[4,22,18],"tags":[],"class_list":{"0":"post-849","1":"post","2":"type-post","3":"status-publish","4":"format-standard","5":"has-post-thumbnail","7":"category-costa-valdiviana","8":"category-experiencias-y-programas-en-la-selva-valdiana","9":"category-tours-parques-nacionales-y-reservas-naturales-selva-valdiviana","10":"entry"},"featured_image_src":"https:\/\/biotictuning.com\/wp-content\/uploads\/2020\/07\/Cartel-Reserva-Punta-Curi\u00f1anco-600x400.jpg?v=1597566487","featured_image_src_square":"https:\/\/biotictuning.com\/wp-content\/uploads\/2020\/07\/Cartel-Reserva-Punta-Curi\u00f1anco-600x600.jpg?v=1597566487","author_info":{"display_name":"BioticTuning","author_link":"https:\/\/biotictuning.com\/es\/author\/jitorres\/"},"_links":{"self":[{"href":"https:\/\/biotictuning.com\/es\/wp-json\/wp\/v2\/posts\/849","targetHints":{"allow":["GET"]}}],"collection":[{"href":"https:\/\/biotictuning.com\/es\/wp-json\/wp\/v2\/posts"}],"about":[{"href":"https:\/\/biotictuning.com\/es\/wp-json\/wp\/v2\/types\/post"}],"author":[{"embeddable":true,"href":"https:\/\/biotictuning.com\/es\/wp-json\/wp\/v2\/users\/1"}],"replies":[{"embeddable":true,"href":"https:\/\/biotictuning.com\/es\/wp-json\/wp\/v2\/comments?post=849"}],"version-history":[{"count":0,"href":"https:\/\/biotictuning.com\/es\/wp-json\/wp\/v2\/posts\/849\/revisions"}],"wp:featuredmedia":[{"embeddable":true,"href":"https:\/\/biotictuning.com\/es\/wp-json\/wp\/v2\/media\/846"}],"wp:attachment":[{"href":"https:\/\/biotictuning.com\/es\/wp-json\/wp\/v2\/media?parent=849"}],"wp:term":[{"taxonomy":"category","embeddable":true,"href":"https:\/\/biotictuning.com\/es\/wp-json\/wp\/v2\/categories?post=849"},{"taxonomy":"post_tag","embeddable":true,"href":"https:\/\/biotictuning.com\/es\/wp-json\/wp\/v2\/tags?post=849"}],"curies":[{"name":"wp","href":"https:\/\/api.w.org\/{rel}","templated":true}]}}